{"id":2407,"date":"2024-04-01T14:50:50","date_gmt":"2024-04-01T14:50:50","guid":{"rendered":"https:\/\/www.ernstkers.nl\/blog\/?p=2407"},"modified":"2024-04-06T21:12:05","modified_gmt":"2024-04-06T21:12:05","slug":"the-porto-electric-tram-network-the-stcp-years-since-1946","status":"publish","type":"post","link":"https:\/\/www.ernstkers.nl\/blog\/the-porto-electric-tram-network-the-stcp-years-since-1946\/","title":{"rendered":"The Porto Electric Tram Network, the STCP years since 1946"},"content":{"rendered":"\n<p>The first electric tramline in Porto was opened in 1895. <a href=\"https:\/\/www.ernstkers.nl\/blog\/the-porto-electric-tram-network\/\">Until 1946 the network was operated by the <strong>CCFP<\/strong><\/a>: <strong>C<\/strong>ompanhia <strong>C<\/strong>arris de <strong>F<\/strong>erro do <strong>P<\/strong>orto. This was a private company. In 1946 the operations were taken over by the municipal owned <strong>STCP<\/strong>: <strong>S<\/strong>ervi\u00e7o de <strong>T<\/strong>ransportes <strong>C<\/strong>olectivos do <strong>P<\/strong>orto (now <strong>S<\/strong>ociedade de <strong>T<\/strong>ransportes <strong>C<\/strong>olectivos do <strong>P<\/strong>orto)<\/p>\n\n\n\n<p>On this page an overview of the network development since the STCP took over in 1946.<\/p>\n\n\n\n<!--more-->\n\n\n\n<p>STCP made a number of improvements to the network. A new route was opened in 1947 to Pereir\u00f3 and the route between Constitui\u00e7\u00e3o and Boavista was opened in 1949. In Coimbr\u00f5es, Le\u00e7a da Palmeira and Ermesinde turning loops were made. These turning loops ended the necessity to shunt with trailers. In the 1950&#8217;s single track sections of the lines 6, 7, 10 and 15 got double track. For the lines 6 and 15 this meant their routes became double track over the whole length.<\/p>\n\n\n\n<p>The ever increasing number of private cars together with the increasing number of trams caused severe problems on Pra\u00e7a da Liberdade, still the hub of the system where most tram services terminated. To solve this new termini were made at Carmo, Bolh\u00e3o and Batalha where part of the trams would terminate instead of going to Pra\u00e7a. These new termini were made as loops, also because of the introduction of one way streets in the city centre. As a result a large part of the track layout in the centre was significant changed in the late 1940&#8217;s. The setup of the tram services was altered to reduce the numbers of trams going to Pra\u00e7a.<\/p>\n\n\n\n<p>With the layout changes of 1946 to 1948 part of the lines terminated until 21h at Batalha, Carmo or Bolh\u00e3o and after 21h on Pra\u00e7a da Liberdade. Also a number of lines were created to reinforce the busiest parts of existing lines. The resulting network as it came into existence until 1951 and lasted until 1958 was rather complicated.<\/p>\n\n\n\n<p>With omitting supplemental lines that were covered over their whole length by the &#8220;main&#8221; line, the lines after the changes made by the STCP between 1946 and 1951 were:<\/p>\n\n\n\n<p><strong>1<\/strong> <em>Pra\u00e7a da Liberdade &#8211; Infante &#8211; Massarelos &#8211; Foz (Castelo) &#8211; Castelo do Queijo &#8211; Matosinhos (Brito Capelo) &#8211; Le\u00e7a da Palmeira<\/em>.<\/p>\n\n\n\n<p><strong>2, 2\/, 2\/\/, 18, 18\/<\/strong> &amp; <strong>18\/\/<\/strong> <em>Pra\u00e7a da Liberdade &#8211; Carmo &#8211; Massarelos &#8211; Foz &#8211; Castelo do Queijo &#8211; Boavista &#8211; Carvalhosa \/ Pal\u00e1cio &#8211; Carmo &#8211; Pra\u00e7a da Liberdade<\/em>. All route 2 trams had their terminus at Carmo, all route 18 trams on Pra\u00e7a. The route 2\/ and 18\/ cars ran via Carvalhosa, the route 2\/\/ and 18\/\/ cars ran via Pal\u00e1cio. During the trip the trams changed the line number. This could be from 2 or 18 to all four different &#8220;dashed&#8221; lines and v.v.<\/p>\n\n\n\n<p><strong>3<\/strong> <em>Pra\u00e7a da Liberdade &#8211; Carmo &#8211; Pal\u00e1cio &#8211; Lordelo<\/em>.<\/p>\n\n\n\n<p><strong>4<\/strong> &amp; <strong>4\/<\/strong> <em>Pra\u00e7a da Liberdade &#8211; Carmo &#8211; Carvalhosa \/ Pal\u00e1cio &#8211; Boavista &#8211; Pereir\u00f3<\/em>. (Trams via Pal\u00e1cio had the indication 4\/ and did not operate after 21h) These lines were curtailed from Alf\u00e2ndega to Pra\u00e7a and in 1947 extended from Fonte da Moura to Pereir\u00f3.<\/p>\n\n\n\n<p><strong>5<\/strong> <em>Carmo &#8211; Carvalhosa &#8211; Boavista &#8211; Fonte da Moura &#8211; Castelo do Queijo &#8211; Matosinhos (Brito Capelo) &#8211; Le\u00e7a da Palmeira (Castelo)<\/em>. After 21h terminus on Pra\u00e7a da Liberdade.<br><strong>19<\/strong> <em>Pra\u00e7a da Liberdade &#8211; Carmo &#8211; Pal\u00e1cio &#8211; Boavista &#8211; Fonte da Moura &#8211; Castelo do Queijo &#8211; Matosinhos (Brito Capelo) &#8211; Le\u00e7a da Palmeira (Castelo)<\/em>.<\/p>\n\n\n\n<p><strong>6<\/strong> <em>Carmo &#8211; Carvalhosa &#8211; <em>Carvalhido<\/em><\/em> &#8211;<em> Monte dos Burgos<\/em>. After 21h terminus on Pra\u00e7a da Liberdade.<br><strong>6\/<\/strong> <em>Pra\u00e7a da Liberdade &#8211; Carmo &#8211; Carvalhosa &#8211; Carvalhido<\/em>. Not operating after 21h.<\/p>\n\n\n\n<p><strong>7<\/strong> <em>Carmo &#8211; Pra\u00e7a da Rep\u00fablica<em> &#8211; <em>Rua de Vale Formoso<\/em><\/em><\/em> <em><em>&#8211; Amial &#8211; S\u00e3o Mamede<\/em> &#8211; Ponte da Pedra<\/em>. After 21h terminus on Pra\u00e7a da Liberdade.<br><strong>7\/<\/strong> <em>Pra\u00e7a da Liberdade &#8211; Carmo &#8211; Pra\u00e7a da Rep\u00fablica &#8211; <em>Rua de Vale Formoso<\/em> &#8211; Amial<\/em>. Not operating after 21h.<br><strong>7\/\/<\/strong> <em>Batalha &#8211; Bolh\u00e3o &#8211; Gon\u00e7alo Crist\u00f3v\u00e3o &#8211; Pra\u00e7a da Rep\u00fablica &#8211; <em>Rua de Vale Formoso<\/em> &#8211; Amial &#8211; S\u00e3o Mamede<\/em>. Not operating after 21h.<br><strong>8<\/strong> <em>Pra\u00e7a da Liberdade &#8211; Carmo &#8211; Pra\u00e7a da Rep\u00fablica &#8211; <em>Rua de Vale Formoso<\/em> &#8211; Paranhos (Campo Lindo)<\/em>.<\/p>\n\n\n\n<p><strong>9<\/strong> <em>Bolh\u00e3o &#8211; Pra\u00e7a Marqu\u00eas de Pombal &#8211; Rua Costa Cabral &#8211; Areosa &#8211; \u00c1guas Santas &#8211; Ermesinde<\/em>. After 21h terminus on Pra\u00e7a da Liberdade.<br><strong>9\/<\/strong> <em>Pra\u00e7a da Liberdade &#8211; Bolh\u00e3o &#8211; Pra\u00e7a Marqu\u00eas de Pombal &#8211; Rua Costa Cabral &#8211; Areosa<\/em>.<br><strong>9\/\/<\/strong> <em>Batalha &#8211; Bolh\u00e3o &#8211; Pra\u00e7a Marqu\u00eas de Pombal &#8211; Rua Costa Cabral &#8211; Areosa &#8211; \u00c1guas Santas &#8211; Ermesinde<\/em>. Not operating after 21h. On Batalha trams changed from line 14\/ to line 9\/\/ v.v. On the lines 9 and 9\/ mainly bogie cars were used, on line 9\/\/+14\/ 2-axle cars with trailers.<\/p>\n\n\n\n<p><strong>10<\/strong> <em>Bolh\u00e3o &#8211; Bonfim &#8211; S\u00e3o Roque &#8211; Venda Nova<\/em>. After 21h terminus on Pra\u00e7a da Liberdade.<br><strong>10\/<\/strong> <em>Bolh\u00e3o &#8211; Bonfim &#8211; S\u00e3o Roque &#8211; Santa Eul\u00e1lia &#8211; S\u00e3o Pedro da Cova<\/em>. After 21h terminus on Pra\u00e7a da Liberdade.<br><strong>10\/\/<\/strong> <em>Bolh\u00e3o &#8211; Bonfim &#8211; S\u00e3o Roque &#8211; Santa Eul\u00e1lia &#8211; Gondomar (Souto)<\/em>. After 21h terminus on Pra\u00e7a da Liberdade.<br><strong>10E<\/strong> <em>Pra\u00e7a da Liberdade &#8211; Bolh\u00e3o &#8211; Bonfim &#8211; S\u00e3o Roque<\/em>. Not operating after 21h.<\/p>\n\n\n\n<p><strong>11<\/strong> <em>Pra\u00e7a da Liberdade &#8211; Batalha (opposite direction Bolh\u00e3o) &#8211; S\u00e3o Lazaro &#8211; Bonfim &#8211; Campanh\u00e3<\/em>.<br><strong>12<\/strong> <em>Batalha &#8211; S\u00e3o Lazaro &#8211; Heroismo &#8211; Campanh\u00e3<\/em>. After 21h terminus on Pra\u00e7a da Liberdade.<\/p>\n\n\n\n<p><strong>13<\/strong> <em>Batalha &#8211; Ponte Luiz I &#8211; Santo Ovidio<\/em>. After 21h terminus on Pra\u00e7a da Liberdade.<br><strong>14<\/strong> <em>Pra\u00e7a da Liberdade &#8211; Batalha &#8211; Ponte Luiz I &#8211; Devesas &#8211;  Arco do Prado &#8211; Coimbr\u00f5es<\/em>.<br><strong>14\/<\/strong> <em>Batalha &#8211; Ponte Luiz I &#8211; Devesas &#8211;  Arco do Prado &#8211; Coimbr\u00f5es<\/em>. On Batalha trams changed from line 14\/ to line 9\/\/ v.v.<\/p>\n\n\n\n<p><strong>15<\/strong> <em>Pra\u00e7a da Liberdade &#8211; Batalha &#8211; Bonfim &#8211; Antas &#8211; Rua Costa Cabral &#8211; Pra\u00e7a Marqu\u00eas de Pombal &#8211; Bolh\u00e3o &#8211; Pra\u00e7a da Liberdade<\/em>. One way only.<br><strong>15\/<\/strong> <em>Pra\u00e7a da Liberdade &#8211; Bolh\u00e3o &#8211; Pra\u00e7a Marqu\u00eas de Pombal &#8211; Rua Costa Cabral &#8211; Antas &#8211; Bonfim &#8211; Bolh\u00e3o &#8211; Pra\u00e7a da Liberdade<\/em>. One way only.<br><strong>15E<\/strong> <em>Pra\u00e7a da Liberdade &#8211; Bolh\u00e3o &#8211; Bonfim &#8211; Antas &#8211; Rua Costa Cabral &#8211; Pra\u00e7a Marqu\u00eas de Pombal &#8211; Bolh\u00e3o &#8211; Pra\u00e7a da Liberdade<\/em>. One way only. Not operating after 21h.<\/p>\n\n\n\n<p><strong>16<\/strong> <em>Batalha &#8211; Bolh\u00e3o &#8211; Gon\u00e7alo Crist\u00f3v\u00e3o &#8211; Pra\u00e7a da Rep\u00fablica &#8211; Boavista &#8211; Bessa &#8211; Fonte da Moura &#8211; Castelo do Queijo &#8211; Matosinhos &#8211; Le\u00e7a (Av.Antunes Guimar\u00e3es near the fire brigades)<\/em>. ex line 17\/<br><strong>17<\/strong> <em>Batalha &#8211; Bolh\u00e3o &#8211; Gon\u00e7alo Crist\u00f3v\u00e3o &#8211; Pra\u00e7a da Rep\u00fablica &#8211; Boavista &#8211; Bessa &#8211; Fonte da Moura &#8211; Castelo do Queijo &#8211; Foz<\/em>.<\/p>\n\n\n\n<p><strong>20<\/strong>, <strong>20\/<\/strong>, <strong>21<\/strong> &amp; <strong>21\/<\/strong> <em>Pra\u00e7a da Liberdade &#8211; Batalha &#8211; S\u00e3o Lazaro &#8211; Rua Alegria &#8211; Rua da Constitui\u00e7\u00e3o &#8211; Ramada Alta &#8211; Boavista &#8211; Pal\u00e1cio \/ Carvalhosa &#8211; Carmo<\/em> &#8211; <em>Pra\u00e7a da Liberdade<\/em>. Lines 20 &amp; 20\/ via Pal\u00e1cio, lines 21 &amp; 21\/ via Carvalhosa, lines 20 &amp; 21 counter clockwise, lines 20\/ &amp; 21\/ clockwise, lines 21 &amp; 21\/ not operating after 21h.<\/p>\n\n\n\n<p>In 1947 in the city centre two short lines were introduced, but both were suspended already two years later:<\/p>\n\n\n\n<ul class=\"wp-block-list\">\n<li><strong>AC<\/strong> <em>Alf\u00e2ndega &#8211; Infante &#8211; Pra\u00e7a &#8211; Carmo<\/em><\/li>\n\n\n\n<li><strong>BC<\/strong> <em>Batalha &#8211; Pra\u00e7a &#8211; Carmo<\/em><\/li>\n<\/ul>\n\n\n\n<h2 class=\"wp-block-heading\">Trams on the way down<\/h2>\n\n\n\n<p>The complete replacement of the trams by trolleybuses as was decided in the 1950&#8217;s evidently needed much time and in the end was never realised, the trolleybuses themselves disappeared in 1997. Replacement of trams by trolleybuses started on 1 January 1959 with the lines 3, 14 and 14\/, a few months later followed by line 13 and on 3 March 1960 line 12. Line 11 was changed to a one way circular line:<\/p>\n\n\n\n<p><strong>11<\/strong> <em>Pra\u00e7a da Liberdade &#8211; Batalha &#8211; S\u00e3o Lazaro &#8211; Heroismo &#8211; Campanh\u00e3 &#8211; Bonfim &#8211; Bolh\u00e3o &#8211; Pra\u00e7a da Liberdade<\/em>.<\/p>\n\n\n\n<p>Line <strong>4\/<\/strong> between Pra\u00e7a and Pereir\u00f3 via Pal\u00e1cio was renumbered to <strong>3<\/strong>.<\/p>\n\n\n\n<p>The complex line group <strong>2 &amp; 18<\/strong> was simplified. All trams to\/from Restaura\u00e7\u00e3o now terminated on Pra\u00e7a and all trams to\/from Boavista terminated until 21h at Carmo and after 21h on Pra\u00e7a. With this change the line numbers <strong>2\/\/<\/strong> and <strong>18\/<\/strong> disappeared.<\/p>\n\n\n\n<p>On 4 March 1960 the route between Matosinhos and Le\u00e7a da Palmeira was closed because of the extension of the Leix\u00f5es docks. Le\u00e7a da Palmeira was to be served by bus. The lines 1, 5, 16 and 19 were cut back to a new stub terminus next to the Mercado in Matosinhos. Shunting with trailers on a busy stub terminus wasn&#8217;t feasible, so this also meant the end of the trailer operations on the lines 1 and 5, leaving only line 9\/\/ with using trailers.<\/p>\n\n\n\n<figure class=\"wp-block-image size-large\"><a href=\"https:\/\/www.ernstkers.nl\/blog\/wp-content\/uploads\/2024\/04\/STCP-289-Matosinhos-Mercado-19710716.jpeg\"><img loading=\"lazy\" decoding=\"async\" width=\"1024\" height=\"576\" src=\"https:\/\/www.ernstkers.nl\/blog\/wp-content\/uploads\/2024\/04\/STCP-289-Matosinhos-Mercado-19710716-1024x576.jpeg\" alt=\"\" class=\"wp-image-2838\" srcset=\"https:\/\/www.ernstkers.nl\/blog\/wp-content\/uploads\/2024\/04\/STCP-289-Matosinhos-Mercado-19710716-1024x576.jpeg 1024w, https:\/\/www.ernstkers.nl\/blog\/wp-content\/uploads\/2024\/04\/STCP-289-Matosinhos-Mercado-19710716-300x169.jpeg 300w, https:\/\/www.ernstkers.nl\/blog\/wp-content\/uploads\/2024\/04\/STCP-289-Matosinhos-Mercado-19710716-768x432.jpeg 768w, https:\/\/www.ernstkers.nl\/blog\/wp-content\/uploads\/2024\/04\/STCP-289-Matosinhos-Mercado-19710716.jpeg 1280w\" sizes=\"auto, (max-width: 1024px) 100vw, 1024px\" \/><\/a><figcaption class=\"wp-element-caption\">Belga tram STCP no.289 arrives on the Matosinhos terminus on 16 July 1971. (J.J. Buckley)<\/figcaption><\/figure>\n\n\n\n<p>In a further attempt to reduce the congestion on Pra\u00e7a through working was introduced. Many trams to Pra\u00e7a didn&#8217;t terminate there anymore, but continued their trip on another line. Through working of trams from one route to another were: 1 with 9 and 9\/, 6 with 15 and 15E, 3 and 4 with 15\/, 8 with 11. This through workings made that line 6\/ disappeared while the lines 6 and 9 were extended again during the whole day to Pra\u00e7a. Until 21h trams of line 1 arriving at Pra\u00e7a Almeida Garrett didn&#8217;t go into Pra\u00e7a da Liberdade but used a new laid track directly to Rua S\u00e1 da Bandeira to continue their trip as line 9 or 9\/. Line 9\/\/ was cut back from Batalha to Bolh\u00e3o.<\/p>\n\n\n\n<p>Further closures during the 1960&#8217;s were:<\/p>\n\n\n\n<ul class=\"wp-block-list\">\n<li>10 June 1964 line <strong>11<\/strong> (replaced by trolleybuses)<\/li>\n\n\n\n<li>1 January 1967 the line <strong>10<\/strong> group (temporary replaced by buses until the opening of the trolleybus lines 10, 11 &amp;12 on 10 September 1967)<\/li>\n\n\n\n<li>23 July 1967 the line <strong>15<\/strong> group (replaced by buses)<\/li>\n\n\n\n<li>17 September 1967 the line <strong>9<\/strong> group (temporary replaced by buses until the opening of the trolleybus lines 9 &amp; 29 in November 1968)<\/li>\n\n\n\n<li>17 September 1967 the section of line <strong>1<\/strong> between Infante and Pra\u00e7a da Liberdade during daytime. After 21h this section was still used by the trams of line <strong>1<\/strong> until 17 November 1968 (replaced by buses)<\/li>\n\n\n\n<li>20 July 1968 the line <strong>20\/21<\/strong> group (replaced by buses)<\/li>\n<\/ul>\n\n\n\n<p>For seven years the tram network remained unchanged, then again tramlines were replaced by buses:<\/p>\n\n\n\n<ul class=\"wp-block-list\">\n<li>6 October 1975 the line <strong>7<\/strong> group north of Arco d&#8217;Agua.<\/li>\n\n\n\n<li>11 October 1976 line <strong>6<\/strong> north of Carvalhido.<\/li>\n\n\n\n<li>29 November 1976 line <strong>8<\/strong> (no bus replacement).<\/li>\n\n\n\n<li>9 May 1977 the remaining part of line <strong>6<\/strong>.<\/li>\n\n\n\n<li>20 June 1977 the remaining parts of the line <strong>7<\/strong> group.<\/li>\n\n\n\n<li>31 October 1977 the part of the lines <strong>16<\/strong> and <strong>17<\/strong> between Batalha and Boavista. The remainder between Boavista and Matosinhos\/Foz closed in 1978, but those routes were still served by the lines 18 and 19.<\/li>\n\n\n\n<li>24 July 1978 the Carmo &#8211; Carvalhosa &#8211; Boavista route was suspended, which meant that the services of the lines <strong>2<\/strong>, <strong>4<\/strong> and <strong>5<\/strong> were taken over by the lines via Pal\u00e1cio, <strong>18<\/strong>, <strong>3<\/strong> and <strong>19<\/strong>.<\/li>\n<\/ul>\n\n\n\n<p>Buses replaced all tram services after about 21h and on Sundays since 1978.<\/p>\n\n\n\n<figure class=\"wp-block-image size-large\"><a href=\"https:\/\/www.ernstkers.nl\/blog\/wp-content\/uploads\/2024\/04\/STCP-203-Matosinhos-Rua-Brito-Capelo-19710716.jpeg\"><img loading=\"lazy\" decoding=\"async\" width=\"1024\" height=\"576\" src=\"https:\/\/www.ernstkers.nl\/blog\/wp-content\/uploads\/2024\/04\/STCP-203-Matosinhos-Rua-Brito-Capelo-19710716-1024x576.jpeg\" alt=\"\" class=\"wp-image-2841\" srcset=\"https:\/\/www.ernstkers.nl\/blog\/wp-content\/uploads\/2024\/04\/STCP-203-Matosinhos-Rua-Brito-Capelo-19710716-1024x576.jpeg 1024w, https:\/\/www.ernstkers.nl\/blog\/wp-content\/uploads\/2024\/04\/STCP-203-Matosinhos-Rua-Brito-Capelo-19710716-300x169.jpeg 300w, https:\/\/www.ernstkers.nl\/blog\/wp-content\/uploads\/2024\/04\/STCP-203-Matosinhos-Rua-Brito-Capelo-19710716-768x432.jpeg 768w, https:\/\/www.ernstkers.nl\/blog\/wp-content\/uploads\/2024\/04\/STCP-203-Matosinhos-Rua-Brito-Capelo-19710716.jpeg 1280w\" sizes=\"auto, (max-width: 1024px) 100vw, 1024px\" \/><\/a><figcaption class=\"wp-element-caption\">Brill-28 Plataforma Sal\u00e3o tram STCP no.203 in Rua Brito Capelo, Matosinhos on 16 July 1971. (J.J. Buckley)<\/figcaption><\/figure>\n\n\n\n<p>Due to a landslide near Viriato \/ Hospital de Sto.Ant\u00f3nio the trams disappeared from Pra\u00e7a da Liberdade and between Carmo and Boavista on 6 February 1980. Line 18 couldn&#8217;t operate between Viriato and Carmo until 1981.<\/p>\n\n\n\n<p>Line <strong>3<\/strong> to Pereir\u00f3 was replaced by buses in 1984, leaving only the tramlines 1, 18 and 19.<\/p>\n\n\n\n<h2 class=\"wp-block-heading\" id=\"STCP-maps\">STCP period maps<\/h2>\n\n\n\n<figure class=\"wp-block-image size-large\"><a href=\"https:\/\/www.ernstkers.nl\/blog\/wp-content\/uploads\/2023\/09\/STCP-English.png\"><img loading=\"lazy\" decoding=\"async\" width=\"1024\" height=\"695\" src=\"https:\/\/www.ernstkers.nl\/blog\/wp-content\/uploads\/2023\/09\/STCP-English-1024x695.png\" alt=\"\" class=\"wp-image-1955\" srcset=\"https:\/\/www.ernstkers.nl\/blog\/wp-content\/uploads\/2023\/09\/STCP-English-1024x695.png 1024w, https:\/\/www.ernstkers.nl\/blog\/wp-content\/uploads\/2023\/09\/STCP-English-300x204.png 300w, https:\/\/www.ernstkers.nl\/blog\/wp-content\/uploads\/2023\/09\/STCP-English-768x521.png 768w, https:\/\/www.ernstkers.nl\/blog\/wp-content\/uploads\/2023\/09\/STCP-English-1536x1042.png 1536w, https:\/\/www.ernstkers.nl\/blog\/wp-content\/uploads\/2023\/09\/STCP-English-2048x1390.png 2048w, https:\/\/www.ernstkers.nl\/blog\/wp-content\/uploads\/2023\/09\/STCP-English-442x300.png 442w\" sizes=\"auto, (max-width: 1024px) 100vw, 1024px\" \/><\/a><\/figure>\n\n\n\n<figure class=\"wp-block-image size-large\"><a href=\"https:\/\/www.ernstkers.nl\/blog\/wp-content\/uploads\/2023\/09\/STCP-centre-English.png\"><img loading=\"lazy\" decoding=\"async\" width=\"1024\" height=\"821\" src=\"https:\/\/www.ernstkers.nl\/blog\/wp-content\/uploads\/2023\/09\/STCP-centre-English-1024x821.png\" alt=\"\" class=\"wp-image-1956\" srcset=\"https:\/\/www.ernstkers.nl\/blog\/wp-content\/uploads\/2023\/09\/STCP-centre-English-1024x821.png 1024w, https:\/\/www.ernstkers.nl\/blog\/wp-content\/uploads\/2023\/09\/STCP-centre-English-300x241.png 300w, https:\/\/www.ernstkers.nl\/blog\/wp-content\/uploads\/2023\/09\/STCP-centre-English-768x616.png 768w, https:\/\/www.ernstkers.nl\/blog\/wp-content\/uploads\/2023\/09\/STCP-centre-English-1536x1232.png 1536w, https:\/\/www.ernstkers.nl\/blog\/wp-content\/uploads\/2023\/09\/STCP-centre-English-2048x1642.png 2048w, https:\/\/www.ernstkers.nl\/blog\/wp-content\/uploads\/2023\/09\/STCP-centre-English-374x300.png 374w\" sizes=\"auto, (max-width: 1024px) 100vw, 1024px\" \/><\/a><\/figure>\n\n\n\n<figure class=\"wp-block-image size-large\"><a href=\"https:\/\/www.ernstkers.nl\/blog\/wp-content\/uploads\/2023\/09\/Trolleybuses.png\"><img loading=\"lazy\" decoding=\"async\" width=\"1024\" height=\"733\" src=\"https:\/\/www.ernstkers.nl\/blog\/wp-content\/uploads\/2023\/09\/Trolleybuses-1024x733.png\" alt=\"\" class=\"wp-image-1957\" srcset=\"https:\/\/www.ernstkers.nl\/blog\/wp-content\/uploads\/2023\/09\/Trolleybuses-1024x733.png 1024w, https:\/\/www.ernstkers.nl\/blog\/wp-content\/uploads\/2023\/09\/Trolleybuses-300x215.png 300w, https:\/\/www.ernstkers.nl\/blog\/wp-content\/uploads\/2023\/09\/Trolleybuses-768x549.png 768w, https:\/\/www.ernstkers.nl\/blog\/wp-content\/uploads\/2023\/09\/Trolleybuses-1536x1099.png 1536w, https:\/\/www.ernstkers.nl\/blog\/wp-content\/uploads\/2023\/09\/Trolleybuses-2048x1465.png 2048w, https:\/\/www.ernstkers.nl\/blog\/wp-content\/uploads\/2023\/09\/Trolleybuses-419x300.png 419w\" sizes=\"auto, (max-width: 1024px) 100vw, 1024px\" \/><\/a><\/figure>\n\n\n\n<h2 class=\"wp-block-heading\">The classic tram evolves to heritage<\/h2>\n\n\n\n<p>On 11 September 1993 the route between Castelo do Queijo and Matosinhos was closed resulting in bus replacement for line 19 and curtailing line 1 to Infante &#8211; Castelo do Queijo. One year later, on 10 September 1994 the remainder of tramline 1 was replaced by buses, which continued again to Matosinhos and into the city centre.<\/p>\n\n\n\n<p>Line 18 was the last remaining route of the classic Porto tram. Early 1995, 100 years after the first electric trams started to work, the final closure was announced. However instead of complete closure, the network was gradually changed into a heritage system. On 11 June 1996 a bus service with the line number 24 was introduced, following almost exactly the route of tramline 18. But tramline 18 survived, although frequencies decreased from every 15 minutes (with seven cars) to every 35 minutes (with three cars). At the positive side was that tram services were re-installed on Sundays.<\/p>\n\n\n\n<p>Renovation and reconstruction of the involved streets and roads dictated the progress of the conversion of the network to the current heritage system. As a result many changes occurred between 1996 and 2007. Old electric trams on new tracks now ride along the classic route along the river (line 1), the first electric route in Rua da Restaura\u00e7\u00e3o (line 18) and through the city centre between Carmo and Batalha (line 22).<\/p>\n","protected":false},"excerpt":{"rendered":"<p>The first electric tramline in Porto was opened in 1895. Until 1946 the network was operated by the CCFP: Companhia Carris de Ferro do Porto. This was a private company. In 1946 the operations were taken over by the municipal owned STCP: Servi\u00e7o de Transportes Colectivos do Porto (now Sociedade de Transportes Colectivos do Porto) [&hellip;]<\/p>\n","protected":false},"author":2,"featured_media":2845,"comment_status":"open","ping_status":"closed","sticky":false,"template":"","format":"standard","meta":{"_bbp_topic_count":0,"_bbp_reply_count":0,"_bbp_total_topic_count":0,"_bbp_total_reply_count":0,"_bbp_voice_count":0,"_bbp_anonymous_reply_count":0,"_bbp_topic_count_hidden":0,"_bbp_reply_count_hidden":0,"_bbp_forum_subforum_count":0,"footnotes":""},"categories":[11,223,134],"tags":[15,108,13,12,30,208,14,94,109],"class_list":["post-2407","post","type-post","status-publish","format-standard","has-post-thumbnail","hentry","category-history","category-portotrams","category-trams","tag-electrico","tag-history","tag-porto","tag-porto-tram","tag-portugal","tag-stcp","tag-tram","tag-tramline","tag-tramway"],"_links":{"self":[{"href":"https:\/\/www.ernstkers.nl\/blog\/wp-json\/wp\/v2\/posts\/2407","targetHints":{"allow":["GET"]}}],"collection":[{"href":"https:\/\/www.ernstkers.nl\/blog\/wp-json\/wp\/v2\/posts"}],"about":[{"href":"https:\/\/www.ernstkers.nl\/blog\/wp-json\/wp\/v2\/types\/post"}],"author":[{"embeddable":true,"href":"https:\/\/www.ernstkers.nl\/blog\/wp-json\/wp\/v2\/users\/2"}],"replies":[{"embeddable":true,"href":"https:\/\/www.ernstkers.nl\/blog\/wp-json\/wp\/v2\/comments?post=2407"}],"version-history":[{"count":11,"href":"https:\/\/www.ernstkers.nl\/blog\/wp-json\/wp\/v2\/posts\/2407\/revisions"}],"predecessor-version":[{"id":2846,"href":"https:\/\/www.ernstkers.nl\/blog\/wp-json\/wp\/v2\/posts\/2407\/revisions\/2846"}],"wp:featuredmedia":[{"embeddable":true,"href":"https:\/\/www.ernstkers.nl\/blog\/wp-json\/wp\/v2\/media\/2845"}],"wp:attachment":[{"href":"https:\/\/www.ernstkers.nl\/blog\/wp-json\/wp\/v2\/media?parent=2407"}],"wp:term":[{"taxonomy":"category","embeddable":true,"href":"https:\/\/www.ernstkers.nl\/blog\/wp-json\/wp\/v2\/categories?post=2407"},{"taxonomy":"post_tag","embeddable":true,"href":"https:\/\/www.ernstkers.nl\/blog\/wp-json\/wp\/v2\/tags?post=2407"}],"curies":[{"name":"wp","href":"https:\/\/api.w.org\/{rel}","templated":true}]}}